{"id":12249,"date":"2024-02-05T12:10:50","date_gmt":"2024-02-05T09:10:50","guid":{"rendered":"https:\/\/umram.bilkent.edu.tr\/?p=12249"},"modified":"2024-02-05T12:10:50","modified_gmt":"2024-02-05T09:10:50","slug":"elginkan-vakfi-2023-teknoloji-odulu-prof-dr-ergin-atalar","status":"publish","type":"post","link":"https:\/\/umram.bilkent.edu.tr\/index.php\/tr\/2024\/02\/05\/elginkan-vakfi-2023-teknoloji-odulu-prof-dr-ergin-atalar\/","title":{"rendered":"Elginkan Vakf\u0131 2023 Teknoloji \u00d6d\u00fcl\u00fc: Prof.Dr.Ergin Atalar"},"content":{"rendered":"<p>Elginkan Vakf\u0131 taraf\u0131ndan 2006 y\u0131l\u0131nda hayata ge\u00e7irilen \u201cElginkan Vakf\u0131 T\u00fcrk K\u00fclt\u00fcr\u00fc Ara\u015ft\u0131rma ve Teknoloji \u00d6d\u00fclleri\u201dni 18. Y\u0131l\u0131nda alacaklar belli oldu.<\/p>\n<p>T\u00fcrkiye\u2019deki bilim, k\u00fclt\u00fcr ve sanat alanlar\u0131nda yap\u0131lan \u00e7al\u0131\u015fmalara, ara\u015ft\u0131rmalara ve hizmetlere katk\u0131da bulunmak, bu alanlar\u0131n geli\u015fimine destek olmak amac\u0131yla verilecek \u00f6d\u00fclleri alacaklar \u015fu \u015fekilde belirlendi. Elginkan Vakf\u0131 ama\u00e7lar\u0131 do\u011frultusunda; T\u00fcrk k\u00fclt\u00fcr\u00fc ve teknoloji alan\u0131ndaki ara\u015ft\u0131rma, \u00e7al\u0131\u015fma ve hizmetlere destek olmak \u00fczere, ilk kez 2006 y\u0131l\u0131nda hayata ge\u00e7irilen\u00a0<strong><em>T\u00fcrk K\u00fclt\u00fcr\u00fc Ara\u015ft\u0131rma ve Teknoloji \u00d6d\u00fclleri Program\u0131<\/em><\/strong>\u2019n\u0131n on sekizincisi 2023 y\u0131l\u0131nda ger\u00e7ekle\u015ftirildi.<\/p>\n<p>Elginkan Vakf\u0131 2023 Teknoloji \u00d6d\u00fclleri&#8217;nden biri, &#8220;Manyetik Rezonans G\u00f6r\u00fcnt\u00fcleme Cihazlar\u0131 i\u00e7in Radyofrekans Verici Dizi Geli\u015ftirilmesi&#8221; projesiyle <a href=\"https:\/\/umram.bilkent.edu.tr\/index.php\/teams\/ergin-atalar\/\">Prof. Dr. Ergin Atalar<\/a>&#8216;a verildi.<\/p>\n","protected":false},"excerpt":{"rendered":"<p>Elginkan Vakf\u0131 taraf\u0131ndan 2006 y\u0131l\u0131nda hayata ge\u00e7irilen \u201cElginkan Vakf\u0131 T\u00fcrk K\u00fclt\u00fcr\u00fc Ara\u015ft\u0131rma ve Teknoloji \u00d6d\u00fclleri\u201dni 18. Y\u0131l\u0131nda alacaklar belli oldu. T\u00fcrkiye\u2019deki bilim, k\u00fclt\u00fcr ve sanat alanlar\u0131nda yap\u0131lan \u00e7al\u0131\u015fmalara, ara\u015ft\u0131rmalara ve hizmetlere katk\u0131da bulunmak, bu alanlar\u0131n geli\u015fimine destek olmak amac\u0131yla verilecek \u00f6d\u00fclleri alacaklar \u015fu \u015fekilde belirlendi. Elginkan Vakf\u0131 ama\u00e7lar\u0131 do\u011frultusunda; T\u00fcrk k\u00fclt\u00fcr\u00fc ve teknoloji alan\u0131ndaki ara\u015ft\u0131rma, [&hellip;]<\/p>\n","protected":false},"author":7,"featured_media":12247,"comment_status":"closed","ping_status":"closed","sticky":false,"template":"","format":"standard","meta":[],"categories":[445],"tags":[],"_links":{"self":[{"href":"https:\/\/umram.bilkent.edu.tr\/index.php\/wp-json\/wp\/v2\/posts\/12249"}],"collection":[{"href":"https:\/\/umram.bilkent.edu.tr\/index.php\/wp-json\/wp\/v2\/posts"}],"about":[{"href":"https:\/\/umram.bilkent.edu.tr\/index.php\/wp-json\/wp\/v2\/types\/post"}],"author":[{"embeddable":true,"href":"https:\/\/umram.bilkent.edu.tr\/index.php\/wp-json\/wp\/v2\/users\/7"}],"replies":[{"embeddable":true,"href":"https:\/\/umram.bilkent.edu.tr\/index.php\/wp-json\/wp\/v2\/comments?post=12249"}],"version-history":[{"count":1,"href":"https:\/\/umram.bilkent.edu.tr\/index.php\/wp-json\/wp\/v2\/posts\/12249\/revisions"}],"predecessor-version":[{"id":12250,"href":"https:\/\/umram.bilkent.edu.tr\/index.php\/wp-json\/wp\/v2\/posts\/12249\/revisions\/12250"}],"wp:featuredmedia":[{"embeddable":true,"href":"https:\/\/umram.bilkent.edu.tr\/index.php\/wp-json\/wp\/v2\/media\/12247"}],"wp:attachment":[{"href":"https:\/\/umram.bilkent.edu.tr\/index.php\/wp-json\/wp\/v2\/media?parent=12249"}],"wp:term":[{"taxonomy":"category","embeddable":true,"href":"https:\/\/umram.bilkent.edu.tr\/index.php\/wp-json\/wp\/v2\/categories?post=12249"},{"taxonomy":"post_tag","embeddable":true,"href":"https:\/\/umram.bilkent.edu.tr\/index.php\/wp-json\/wp\/v2\/tags?post=12249"}],"curies":[{"name":"wp","href":"https:\/\/api.w.org\/{rel}","templated":true}]}}