{"id":3909,"date":"2012-04-18T10:12:37","date_gmt":"2012-04-18T07:12:37","guid":{"rendered":"https:\/\/umram.bilkent.edu.tr\/?p=3909"},"modified":"2018-09-14T10:13:07","modified_gmt":"2018-09-14T07:13:07","slug":"serhat-ozyar-onur-odulu-yigitcan-eryamana-verildi","status":"publish","type":"post","link":"https:\/\/umram.bilkent.edu.tr\/index.php\/tr\/2012\/04\/18\/serhat-ozyar-onur-odulu-yigitcan-eryamana-verildi\/","title":{"rendered":"Serhat Ozyar Onur \u00d6d\u00fcl\u00fc Yi\u011fitcan Eryaman&#8217;a verildi"},"content":{"rendered":"<p>2012 y\u0131l\u0131 Serhat \u00d6zyar onur \u00f6d\u00fcl\u00fcn\u00fc mezunlar\u0131m\u0131zdan Yi\u011fitcan Eryaman ald\u0131. Bu y\u0131l 3 ki\u015fi gen\u00e7 bilim insan\u0131 \u00f6d\u00fcl\u00fcn\u00fc al\u0131rken, 3 ki\u015fi de onur \u00f6d\u00fcl\u00fc ald\u0131. Ayr\u0131ca bir ki\u015fiye de se\u00e7ici j\u00fcri \u00f6zel \u00f6d\u00fcl\u00fc verildi. \u00d6d\u00fcl doktoras\u0131n\u0131 ba\u015fvuru tarihinden en \u00e7ok bir y\u0131l i\u00e7erisinde tamamlam\u0131\u015f \u00fcst\u00fcn ba\u015far\u0131l\u0131 gen\u00e7 bilim adamlar\u0131na verilmektedir. Yi\u011fitcan Eryaman&#8217;\u0131 tebrik ederken bu f\u0131rsat ile Dr. Serhat \u00d6zyar&#8217;i da an\u0131yoruz. 2002 y\u0131l\u0131nda kaybetti\u011fimiz Serhat \u00d6zyar,\u00a0kendisini bilme adam\u0131\u015f gen\u00e7 bir bilim insan\u0131yd\u0131. Doktoras\u0131n\u0131 ODT\u00dc Elektrik ve Elektronik M\u00fchendisli\u011fi B\u00f6l\u00fcm\u00fc\u2018nde tamamlam\u0131\u015f olan Serhat \u00d6zyar, ya\u015fam\u0131n\u0131 yitirdi\u011finde ayn\u0131 b\u00f6l\u00fcmde \u00f6\u011fretim \u00fcyeli\u011fi yapmakta idi.<\/p>\n","protected":false},"excerpt":{"rendered":"<p>2012 y\u0131l\u0131 Serhat \u00d6zyar onur \u00f6d\u00fcl\u00fcn\u00fc mezunlar\u0131m\u0131zdan Yi\u011fitcan Eryaman ald\u0131. Bu y\u0131l 3 ki\u015fi gen\u00e7 bilim insan\u0131 \u00f6d\u00fcl\u00fcn\u00fc al\u0131rken, 3 ki\u015fi de onur \u00f6d\u00fcl\u00fc ald\u0131. Ayr\u0131ca bir ki\u015fiye de se\u00e7ici j\u00fcri \u00f6zel \u00f6d\u00fcl\u00fc verildi. \u00d6d\u00fcl doktoras\u0131n\u0131 ba\u015fvuru tarihinden en \u00e7ok bir y\u0131l i\u00e7erisinde tamamlam\u0131\u015f \u00fcst\u00fcn ba\u015far\u0131l\u0131 gen\u00e7 bilim adamlar\u0131na verilmektedir. Yi\u011fitcan Eryaman&#8217;\u0131 tebrik ederken bu [&hellip;]<\/p>\n","protected":false},"author":1,"featured_media":3907,"comment_status":"open","ping_status":"open","sticky":false,"template":"","format":"standard","meta":[],"categories":[445],"tags":[],"_links":{"self":[{"href":"https:\/\/umram.bilkent.edu.tr\/index.php\/wp-json\/wp\/v2\/posts\/3909"}],"collection":[{"href":"https:\/\/umram.bilkent.edu.tr\/index.php\/wp-json\/wp\/v2\/posts"}],"about":[{"href":"https:\/\/umram.bilkent.edu.tr\/index.php\/wp-json\/wp\/v2\/types\/post"}],"author":[{"embeddable":true,"href":"https:\/\/umram.bilkent.edu.tr\/index.php\/wp-json\/wp\/v2\/users\/1"}],"replies":[{"embeddable":true,"href":"https:\/\/umram.bilkent.edu.tr\/index.php\/wp-json\/wp\/v2\/comments?post=3909"}],"version-history":[{"count":1,"href":"https:\/\/umram.bilkent.edu.tr\/index.php\/wp-json\/wp\/v2\/posts\/3909\/revisions"}],"predecessor-version":[{"id":3910,"href":"https:\/\/umram.bilkent.edu.tr\/index.php\/wp-json\/wp\/v2\/posts\/3909\/revisions\/3910"}],"wp:featuredmedia":[{"embeddable":true,"href":"https:\/\/umram.bilkent.edu.tr\/index.php\/wp-json\/wp\/v2\/media\/3907"}],"wp:attachment":[{"href":"https:\/\/umram.bilkent.edu.tr\/index.php\/wp-json\/wp\/v2\/media?parent=3909"}],"wp:term":[{"taxonomy":"category","embeddable":true,"href":"https:\/\/umram.bilkent.edu.tr\/index.php\/wp-json\/wp\/v2\/categories?post=3909"},{"taxonomy":"post_tag","embeddable":true,"href":"https:\/\/umram.bilkent.edu.tr\/index.php\/wp-json\/wp\/v2\/tags?post=3909"}],"curies":[{"name":"wp","href":"https:\/\/api.w.org\/{rel}","templated":true}]}}